{"id":103635,"date":"2025-11-03T15:06:38","date_gmt":"2025-11-03T14:06:38","guid":{"rendered":"https:\/\/europcarblog.aws.europcar.vwfs-ad\/editorial\/las-palmas-de-gran-canaria-ihr-3-taegiges-abenteuer-rund-um-die-insel"},"modified":"2025-11-03T15:06:38","modified_gmt":"2025-11-03T14:06:38","slug":"las-palmas-de-gran-canaria-ihr-3-taegiges-abenteuer-rund-um-die-insel","status":"publish","type":"post","link":"https:\/\/www.europcar.de\/editorial\/places-to-see\/las-palmas-de-gran-canaria-ihr-3-taegiges-abenteuer-rund-um-die-insel","title":{"rendered":"Las Palmas de Gran Canaria: Ihr 3-t\u00e4giges Abenteuer rund um die Insel"},"content":{"rendered":"","protected":false},"excerpt":{"rendered":"","protected":false},"author":26,"featured_media":103636,"comment_status":"open","ping_status":"open","sticky":false,"template":"","format":"standard","meta":{"_acf_changed":false,"footnotes":""},"categories":[287,283,286],"class_list":["post-103635","post","type-post","status-publish","format-standard","has-post-thumbnail","hentry","category-guides","category-places-to-see","category-tips-and-guides"],"acf":[],"yoast_head":"<!-- This site is optimized with the Yoast SEO plugin v25.4 - https:\/\/yoast.com\/wordpress\/plugins\/seo\/ -->\n<title>Las Palmas de Gran Canaria: Abenteuer mit dem Mietwagen<\/title>\n<meta name=\"description\" content=\"Entdecken Sie Las Palmas de Gran Canaria in 3 Tagen. Erkunden Sie einzigartige Str\u00e4nde und Landschaften mit der Freiheit, die Ihnen ein Mietwagen bietet.\" \/>\n<meta name=\"robots\" content=\"index, follow, max-snippet:-1, max-image-preview:large, max-video-preview:-1\" \/>\n<link rel=\"canonical\" href=\"https:\/\/www.europcar.de\/editorial\/places-to-see\/las-palmas-de-gran-canaria-ihr-3-taegiges-abenteuer-rund-um-die-insel\" \/>\n<meta property=\"og:locale\" content=\"de_DE\" \/>\n<meta property=\"og:type\" content=\"article\" \/>\n<meta property=\"og:title\" content=\"Las Palmas de Gran Canaria: Abenteuer mit dem Mietwagen\" \/>\n<meta property=\"og:description\" content=\"Entdecken Sie Las Palmas de Gran Canaria in 3 Tagen. Erkunden Sie einzigartige Str\u00e4nde und Landschaften mit der Freiheit, die Ihnen ein Mietwagen bietet.\" \/>\n<meta property=\"og:url\" content=\"https:\/\/www.europcar.de\/editorial\/places-to-see\/las-palmas-de-gran-canaria-ihr-3-taegiges-abenteuer-rund-um-die-insel\" \/>\n<meta property=\"og:site_name\" content=\"Europcar Blog\" \/>\n<meta property=\"article:published_time\" content=\"2025-11-03T14:06:38+00:00\" \/>\n<meta property=\"og:image\" content=\"https:\/\/www.europcar.de\/editorial\/wp-content\/uploads\/2025\/11\/shutterstock_1229224294.jpg\" \/>\n\t<meta property=\"og:image:width\" content=\"1024\" \/>\n\t<meta property=\"og:image:height\" content=\"682\" \/>\n\t<meta property=\"og:image:type\" content=\"image\/jpeg\" \/>\n<meta name=\"author\" content=\"evelyne.muderwa\" \/>\n<meta name=\"twitter:card\" content=\"summary_large_image\" \/>\n<meta name=\"twitter:label1\" content=\"Verfasst von\" \/>\n\t<meta name=\"twitter:data1\" content=\"evelyne.muderwa\" \/>\n<script type=\"application\/ld+json\" class=\"yoast-schema-graph\">{\"@context\":\"https:\/\/schema.org\",\"@graph\":[{\"@type\":\"Article\",\"@id\":\"https:\/\/www.europcar.de\/editorial\/places-to-see\/las-palmas-de-gran-canaria-ihr-3-taegiges-abenteuer-rund-um-die-insel#article\",\"isPartOf\":{\"@id\":\"https:\/\/www.europcar.de\/editorial\/places-to-see\/las-palmas-de-gran-canaria-ihr-3-taegiges-abenteuer-rund-um-die-insel\"},\"author\":{\"name\":\"evelyne.muderwa\",\"@id\":\"https:\/\/www.europcar.de\/editorial#\/schema\/person\/f8d34941d9c1bb2ceda35f4e8d40276e\"},\"headline\":\"Las Palmas de Gran Canaria: Ihr 3-t\u00e4giges Abenteuer rund um die Insel\",\"datePublished\":\"2025-11-03T14:06:38+00:00\",\"mainEntityOfPage\":{\"@id\":\"https:\/\/www.europcar.de\/editorial\/places-to-see\/las-palmas-de-gran-canaria-ihr-3-taegiges-abenteuer-rund-um-die-insel\"},\"wordCount\":13,\"commentCount\":0,\"publisher\":{\"@id\":\"https:\/\/www.europcar.de\/editorial#organization\"},\"image\":{\"@id\":\"https:\/\/www.europcar.de\/editorial\/places-to-see\/las-palmas-de-gran-canaria-ihr-3-taegiges-abenteuer-rund-um-die-insel#primaryimage\"},\"thumbnailUrl\":\"https:\/\/www.europcar.de\/editorial\/wp-content\/uploads\/2025\/11\/shutterstock_1229224294.jpg\",\"articleSection\":[\"Reisef\u00fchrer\",\"Sehensw\u00fcrdigkeiten\",\"Tipps &amp; Reisef\u00fchrer\"],\"inLanguage\":\"de\",\"potentialAction\":[{\"@type\":\"CommentAction\",\"name\":\"Comment\",\"target\":[\"https:\/\/www.europcar.de\/editorial\/places-to-see\/las-palmas-de-gran-canaria-ihr-3-taegiges-abenteuer-rund-um-die-insel#respond\"]}]},{\"@type\":\"WebPage\",\"@id\":\"https:\/\/www.europcar.de\/editorial\/places-to-see\/las-palmas-de-gran-canaria-ihr-3-taegiges-abenteuer-rund-um-die-insel\",\"url\":\"https:\/\/www.europcar.de\/editorial\/places-to-see\/las-palmas-de-gran-canaria-ihr-3-taegiges-abenteuer-rund-um-die-insel\",\"name\":\"Las Palmas de Gran Canaria: Abenteuer mit dem Mietwagen\",\"isPartOf\":{\"@id\":\"https:\/\/www.europcar.de\/editorial#website\"},\"primaryImageOfPage\":{\"@id\":\"https:\/\/www.europcar.de\/editorial\/places-to-see\/las-palmas-de-gran-canaria-ihr-3-taegiges-abenteuer-rund-um-die-insel#primaryimage\"},\"image\":{\"@id\":\"https:\/\/www.europcar.de\/editorial\/places-to-see\/las-palmas-de-gran-canaria-ihr-3-taegiges-abenteuer-rund-um-die-insel#primaryimage\"},\"thumbnailUrl\":\"https:\/\/www.europcar.de\/editorial\/wp-content\/uploads\/2025\/11\/shutterstock_1229224294.jpg\",\"datePublished\":\"2025-11-03T14:06:38+00:00\",\"description\":\"Entdecken Sie Las Palmas de Gran Canaria in 3 Tagen. Erkunden Sie einzigartige Str\u00e4nde und Landschaften mit der Freiheit, die Ihnen ein Mietwagen bietet.\",\"breadcrumb\":{\"@id\":\"https:\/\/www.europcar.de\/editorial\/places-to-see\/las-palmas-de-gran-canaria-ihr-3-taegiges-abenteuer-rund-um-die-insel#breadcrumb\"},\"inLanguage\":\"de\",\"potentialAction\":[{\"@type\":\"ReadAction\",\"target\":[\"https:\/\/www.europcar.de\/editorial\/places-to-see\/las-palmas-de-gran-canaria-ihr-3-taegiges-abenteuer-rund-um-die-insel\"]}]},{\"@type\":\"ImageObject\",\"inLanguage\":\"de\",\"@id\":\"https:\/\/www.europcar.de\/editorial\/places-to-see\/las-palmas-de-gran-canaria-ihr-3-taegiges-abenteuer-rund-um-die-insel#primaryimage\",\"url\":\"https:\/\/www.europcar.de\/editorial\/wp-content\/uploads\/2025\/11\/shutterstock_1229224294.jpg\",\"contentUrl\":\"https:\/\/www.europcar.de\/editorial\/wp-content\/uploads\/2025\/11\/shutterstock_1229224294.jpg\",\"width\":5444,\"height\":3627,\"caption\":\"Aerial,View,Of,The,Gran,Canaria,Island,Near,Amadores,Beach\"},{\"@type\":\"BreadcrumbList\",\"@id\":\"https:\/\/www.europcar.de\/editorial\/places-to-see\/las-palmas-de-gran-canaria-ihr-3-taegiges-abenteuer-rund-um-die-insel#breadcrumb\",\"itemListElement\":[{\"@type\":\"ListItem\",\"position\":1,\"name\":\"HOME\",\"item\":\"https:\/\/www.europcar.de\/editorial\"},{\"@type\":\"ListItem\",\"position\":2,\"name\":\"Sehensw\u00fcrdigkeiten\",\"item\":\"https:\/\/www.europcar.de\/editorial\/category\/places-to-see\"},{\"@type\":\"ListItem\",\"position\":3,\"name\":\"Las Palmas de Gran Canaria: Ihr 3-t\u00e4giges Abenteuer rund um die Insel\"}]},{\"@type\":\"WebSite\",\"@id\":\"https:\/\/www.europcar.de\/editorial#website\",\"url\":\"https:\/\/www.europcar.de\/editorial\",\"name\":\"Europcar\",\"description\":\"Reisetipps, Roadtrip-Guides und Fahrzeugberatung\",\"publisher\":{\"@id\":\"https:\/\/www.europcar.de\/editorial#organization\"},\"potentialAction\":[{\"@type\":\"SearchAction\",\"target\":{\"@type\":\"EntryPoint\",\"urlTemplate\":\"https:\/\/www.europcar.de\/editorial?s={search_term_string}\"},\"query-input\":{\"@type\":\"PropertyValueSpecification\",\"valueRequired\":true,\"valueName\":\"search_term_string\"}}],\"inLanguage\":\"de\"},{\"@type\":\"Organization\",\"@id\":\"https:\/\/www.europcar.de\/editorial#organization\",\"name\":\"Europcar\",\"url\":\"https:\/\/www.europcar.de\/editorial\",\"logo\":{\"@type\":\"ImageObject\",\"inLanguage\":\"de\",\"@id\":\"https:\/\/www.europcar.de\/editorial#\/schema\/logo\/image\/\",\"url\":\"https:\/\/www.europcar.de\/editorial\/wp-content\/uploads\/2024\/12\/Europcar_logo_color.svg\",\"contentUrl\":\"https:\/\/www.europcar.de\/editorial\/wp-content\/uploads\/2024\/12\/Europcar_logo_color.svg\",\"caption\":\"Europcar\"},\"image\":{\"@id\":\"https:\/\/www.europcar.de\/editorial#\/schema\/logo\/image\/\"}},{\"@type\":\"Person\",\"@id\":\"https:\/\/www.europcar.de\/editorial#\/schema\/person\/f8d34941d9c1bb2ceda35f4e8d40276e\",\"name\":\"evelyne.muderwa\",\"image\":{\"@type\":\"ImageObject\",\"inLanguage\":\"de\",\"@id\":\"https:\/\/www.europcar.de\/editorial#\/schema\/person\/image\/\",\"url\":\"https:\/\/secure.gravatar.com\/avatar\/2cce606847ef9bb407ee1f883dd113a9fd808a3931194202203c992c2fca79b8?s=96&d=mm&r=g\",\"contentUrl\":\"https:\/\/secure.gravatar.com\/avatar\/2cce606847ef9bb407ee1f883dd113a9fd808a3931194202203c992c2fca79b8?s=96&d=mm&r=g\",\"caption\":\"evelyne.muderwa\"},\"url\":\"https:\/\/www.europcar.de\/editorial\/author\/evelyne-muderwa\"}]}<\/script>\n<!-- \/ Yoast SEO plugin. -->","yoast_head_json":{"title":"Las Palmas de Gran Canaria: Abenteuer mit dem Mietwagen","description":"Entdecken Sie Las Palmas de Gran Canaria in 3 Tagen. Erkunden Sie einzigartige Str\u00e4nde und Landschaften mit der Freiheit, die Ihnen ein Mietwagen bietet.","robots":{"index":"index","follow":"follow","max-snippet":"max-snippet:-1","max-image-preview":"max-image-preview:large","max-video-preview":"max-video-preview:-1"},"canonical":"https:\/\/www.europcar.de\/editorial\/places-to-see\/las-palmas-de-gran-canaria-ihr-3-taegiges-abenteuer-rund-um-die-insel","og_locale":"de_DE","og_type":"article","og_title":"Las Palmas de Gran Canaria: Abenteuer mit dem Mietwagen","og_description":"Entdecken Sie Las Palmas de Gran Canaria in 3 Tagen. Erkunden Sie einzigartige Str\u00e4nde und Landschaften mit der Freiheit, die Ihnen ein Mietwagen bietet.","og_url":"https:\/\/www.europcar.de\/editorial\/places-to-see\/las-palmas-de-gran-canaria-ihr-3-taegiges-abenteuer-rund-um-die-insel","og_site_name":"Europcar Blog","article_published_time":"2025-11-03T14:06:38+00:00","og_image":[{"url":"https:\/\/www.europcar.de\/editorial\/wp-content\/uploads\/2025\/11\/shutterstock_1229224294.jpg","width":1024,"height":682,"type":"image\/jpeg"}],"author":"evelyne.muderwa","twitter_card":"summary_large_image","twitter_misc":{"Verfasst von":"evelyne.muderwa"},"schema":{"@context":"https:\/\/schema.org","@graph":[{"@type":"Article","@id":"https:\/\/www.europcar.de\/editorial\/places-to-see\/las-palmas-de-gran-canaria-ihr-3-taegiges-abenteuer-rund-um-die-insel#article","isPartOf":{"@id":"https:\/\/www.europcar.de\/editorial\/places-to-see\/las-palmas-de-gran-canaria-ihr-3-taegiges-abenteuer-rund-um-die-insel"},"author":{"name":"evelyne.muderwa","@id":"https:\/\/www.europcar.de\/editorial#\/schema\/person\/f8d34941d9c1bb2ceda35f4e8d40276e"},"headline":"Las Palmas de Gran Canaria: Ihr 3-t\u00e4giges Abenteuer rund um die Insel","datePublished":"2025-11-03T14:06:38+00:00","mainEntityOfPage":{"@id":"https:\/\/www.europcar.de\/editorial\/places-to-see\/las-palmas-de-gran-canaria-ihr-3-taegiges-abenteuer-rund-um-die-insel"},"wordCount":13,"commentCount":0,"publisher":{"@id":"https:\/\/www.europcar.de\/editorial#organization"},"image":{"@id":"https:\/\/www.europcar.de\/editorial\/places-to-see\/las-palmas-de-gran-canaria-ihr-3-taegiges-abenteuer-rund-um-die-insel#primaryimage"},"thumbnailUrl":"https:\/\/www.europcar.de\/editorial\/wp-content\/uploads\/2025\/11\/shutterstock_1229224294.jpg","articleSection":["Reisef\u00fchrer","Sehensw\u00fcrdigkeiten","Tipps &amp; Reisef\u00fchrer"],"inLanguage":"de","potentialAction":[{"@type":"CommentAction","name":"Comment","target":["https:\/\/www.europcar.de\/editorial\/places-to-see\/las-palmas-de-gran-canaria-ihr-3-taegiges-abenteuer-rund-um-die-insel#respond"]}]},{"@type":"WebPage","@id":"https:\/\/www.europcar.de\/editorial\/places-to-see\/las-palmas-de-gran-canaria-ihr-3-taegiges-abenteuer-rund-um-die-insel","url":"https:\/\/www.europcar.de\/editorial\/places-to-see\/las-palmas-de-gran-canaria-ihr-3-taegiges-abenteuer-rund-um-die-insel","name":"Las Palmas de Gran Canaria: Abenteuer mit dem Mietwagen","isPartOf":{"@id":"https:\/\/www.europcar.de\/editorial#website"},"primaryImageOfPage":{"@id":"https:\/\/www.europcar.de\/editorial\/places-to-see\/las-palmas-de-gran-canaria-ihr-3-taegiges-abenteuer-rund-um-die-insel#primaryimage"},"image":{"@id":"https:\/\/www.europcar.de\/editorial\/places-to-see\/las-palmas-de-gran-canaria-ihr-3-taegiges-abenteuer-rund-um-die-insel#primaryimage"},"thumbnailUrl":"https:\/\/www.europcar.de\/editorial\/wp-content\/uploads\/2025\/11\/shutterstock_1229224294.jpg","datePublished":"2025-11-03T14:06:38+00:00","description":"Entdecken Sie Las Palmas de Gran Canaria in 3 Tagen. Erkunden Sie einzigartige Str\u00e4nde und Landschaften mit der Freiheit, die Ihnen ein Mietwagen bietet.","breadcrumb":{"@id":"https:\/\/www.europcar.de\/editorial\/places-to-see\/las-palmas-de-gran-canaria-ihr-3-taegiges-abenteuer-rund-um-die-insel#breadcrumb"},"inLanguage":"de","potentialAction":[{"@type":"ReadAction","target":["https:\/\/www.europcar.de\/editorial\/places-to-see\/las-palmas-de-gran-canaria-ihr-3-taegiges-abenteuer-rund-um-die-insel"]}]},{"@type":"ImageObject","inLanguage":"de","@id":"https:\/\/www.europcar.de\/editorial\/places-to-see\/las-palmas-de-gran-canaria-ihr-3-taegiges-abenteuer-rund-um-die-insel#primaryimage","url":"https:\/\/www.europcar.de\/editorial\/wp-content\/uploads\/2025\/11\/shutterstock_1229224294.jpg","contentUrl":"https:\/\/www.europcar.de\/editorial\/wp-content\/uploads\/2025\/11\/shutterstock_1229224294.jpg","width":5444,"height":3627,"caption":"Aerial,View,Of,The,Gran,Canaria,Island,Near,Amadores,Beach"},{"@type":"BreadcrumbList","@id":"https:\/\/www.europcar.de\/editorial\/places-to-see\/las-palmas-de-gran-canaria-ihr-3-taegiges-abenteuer-rund-um-die-insel#breadcrumb","itemListElement":[{"@type":"ListItem","position":1,"name":"HOME","item":"https:\/\/www.europcar.de\/editorial"},{"@type":"ListItem","position":2,"name":"Sehensw\u00fcrdigkeiten","item":"https:\/\/www.europcar.de\/editorial\/category\/places-to-see"},{"@type":"ListItem","position":3,"name":"Las Palmas de Gran Canaria: Ihr 3-t\u00e4giges Abenteuer rund um die Insel"}]},{"@type":"WebSite","@id":"https:\/\/www.europcar.de\/editorial#website","url":"https:\/\/www.europcar.de\/editorial","name":"Europcar","description":"Reisetipps, Roadtrip-Guides und Fahrzeugberatung","publisher":{"@id":"https:\/\/www.europcar.de\/editorial#organization"},"potentialAction":[{"@type":"SearchAction","target":{"@type":"EntryPoint","urlTemplate":"https:\/\/www.europcar.de\/editorial?s={search_term_string}"},"query-input":{"@type":"PropertyValueSpecification","valueRequired":true,"valueName":"search_term_string"}}],"inLanguage":"de"},{"@type":"Organization","@id":"https:\/\/www.europcar.de\/editorial#organization","name":"Europcar","url":"https:\/\/www.europcar.de\/editorial","logo":{"@type":"ImageObject","inLanguage":"de","@id":"https:\/\/www.europcar.de\/editorial#\/schema\/logo\/image\/","url":"https:\/\/www.europcar.de\/editorial\/wp-content\/uploads\/2024\/12\/Europcar_logo_color.svg","contentUrl":"https:\/\/www.europcar.de\/editorial\/wp-content\/uploads\/2024\/12\/Europcar_logo_color.svg","caption":"Europcar"},"image":{"@id":"https:\/\/www.europcar.de\/editorial#\/schema\/logo\/image\/"}},{"@type":"Person","@id":"https:\/\/www.europcar.de\/editorial#\/schema\/person\/f8d34941d9c1bb2ceda35f4e8d40276e","name":"evelyne.muderwa","image":{"@type":"ImageObject","inLanguage":"de","@id":"https:\/\/www.europcar.de\/editorial#\/schema\/person\/image\/","url":"https:\/\/secure.gravatar.com\/avatar\/2cce606847ef9bb407ee1f883dd113a9fd808a3931194202203c992c2fca79b8?s=96&d=mm&r=g","contentUrl":"https:\/\/secure.gravatar.com\/avatar\/2cce606847ef9bb407ee1f883dd113a9fd808a3931194202203c992c2fca79b8?s=96&d=mm&r=g","caption":"evelyne.muderwa"},"url":"https:\/\/www.europcar.de\/editorial\/author\/evelyne-muderwa"}]}},"_links":{"self":[{"href":"https:\/\/www.europcar.de\/editorial\/wp-json\/wp\/v2\/posts\/103635","targetHints":{"allow":["GET"]}}],"collection":[{"href":"https:\/\/www.europcar.de\/editorial\/wp-json\/wp\/v2\/posts"}],"about":[{"href":"https:\/\/www.europcar.de\/editorial\/wp-json\/wp\/v2\/types\/post"}],"author":[{"embeddable":true,"href":"https:\/\/www.europcar.de\/editorial\/wp-json\/wp\/v2\/users\/26"}],"replies":[{"embeddable":true,"href":"https:\/\/www.europcar.de\/editorial\/wp-json\/wp\/v2\/comments?post=103635"}],"version-history":[{"count":0,"href":"https:\/\/www.europcar.de\/editorial\/wp-json\/wp\/v2\/posts\/103635\/revisions"}],"wp:featuredmedia":[{"embeddable":true,"href":"https:\/\/www.europcar.de\/editorial\/wp-json\/wp\/v2\/media\/103636"}],"wp:attachment":[{"href":"https:\/\/www.europcar.de\/editorial\/wp-json\/wp\/v2\/media?parent=103635"}],"wp:term":[{"taxonomy":"category","embeddable":true,"href":"https:\/\/www.europcar.de\/editorial\/wp-json\/wp\/v2\/categories?post=103635"}],"curies":[{"name":"wp","href":"https:\/\/api.w.org\/{rel}","templated":true}]}}